{"id":1625,"date":"2026-03-05T08:15:56","date_gmt":"2026-03-05T08:15:56","guid":{"rendered":"https:\/\/szjialu.com\/?p=1625"},"modified":"2026-03-18T03:55:36","modified_gmt":"2026-03-18T03:55:36","slug":"warum-avs-unterstutzte-pd-schnellladegerate-die-zukunft-fur-oem-kaufer-sind","status":"publish","type":"post","link":"https:\/\/szjialu.com\/de\/news\/why-avs-supported-pd-fast-chargers-are-the-future-for-oem-buyers\/","title":{"rendered":"Was ist AVS-Laden? Warum Apples j\u00fcngster Schritt beim Schnellladen wichtig ist \u2013 und was er f\u00fcr OEM-K\u00e4ufer bedeutet"},"content":{"rendered":"<p>Im Laufe des letzten Jahres, <a href=\"https:\/\/szjialu.com\/de\/nachricht\/was-ist-schnellladen-und-wie-funktioniert-es\/\">Schnellladen<\/a> hat still und leise eine neue Phase erreicht. Es geht nicht mehr nur um h\u00f6here Wattzahlen auf dem Ger\u00e4t. Stattdessen verlagert sich der Fokus auf intelligentere Spannungsregelung, bessere W\u00e4rmeableitung und eine optimierte Kommunikation zwischen Ger\u00e4t und Ladeger\u00e4t.<\/p>\n\n\n\n<p>Als Apple die Unterst\u00fctzung f\u00fcr AVS (Adjustable Voltage Supply) in sein neuestes Ladesystem einf\u00fchrte, l\u00f6ste dies zahlreiche Diskussionen aus: Handelt es sich um einen weiteren propriet\u00e4ren Schritt? Ben\u00f6tigen die Nutzer neue Ladeger\u00e4te? Und noch wichtiger f\u00fcr Hersteller und H\u00e4ndler: Ist AVS der n\u00e4chste Standard, auf den wir uns vorbereiten sollten?<\/p>\n\n\n\n<p>Als <a href=\"https:\/\/szjialu.com\/de\/product-category\/netzteil\/wandmontage-netzadapter\/\">Hersteller von Netzteilen<\/a> Durch die enge Zusammenarbeit mit globalen B2B-Kunden sehen wir AVS nicht als Marketingtrick, sondern als nat\u00fcrliche Weiterentwicklung der USB-Stromversorgung. Lassen Sie uns das anhand praktischer Beispiele erl\u00e4utern.<\/p>\n\n\n\n<h2 class=\"wp-block-heading\">AVS einfach erkl\u00e4rt \u2013 ohne Marketing-Floskeln<\/h2>\n\n\n\n<p>AVS steht f\u00fcr <strong><a href=\"https:\/\/szjialu.com\/de\/nachricht\/wie-man-das-beste-avs-ladegerat-fur-moderne-gerate-auswahlt\/\">Einstellbare Spannungsversorgung<\/a><\/strong>, Teil des aktualisierten USB PD 3.1 \/ 3.2 Frameworks.<\/p>\n\n\n\n<p>Wenn Sie mit PPS (Programmable Power Supply) vertraut sind, verstehen Sie das Konzept bereits: Anstelle von festen Spannungsstufen wie 5 V, 9 V, 15 V oder 20 V verhandeln Ladeger\u00e4t und Ger\u00e4t die Spannung dynamisch.<\/p>\n\n\n\n<p>AVS verfeinert diese Idee.<\/p>\n\n\n\n<p>Anstatt die Spannung unter st\u00e4ndig wechselnder Last aggressiv in winzigen Schritten anzupassen (wie es PPS tut), ist AVS darauf ausgelegt, Folgendes zu bieten:<\/p>\n\n\n\n<ul class=\"wp-block-list\">\n<li>Stabilere Spannungsversorgung<\/li>\n\n\n\n<li>Gr\u00f6\u00dfere Toleranz f\u00fcr den Kabelwiderstand<\/li>\n\n\n\n<li>Bessere thermische Konsistenz<\/li>\n\n\n\n<li>Verbesserte Systemeffizienz bei h\u00f6heren Leistungsbereichen<\/li>\n<\/ul>\n\n\n\n<p>Vereinfacht ausgedr\u00fcckt erm\u00f6glicht AVS schnelles Laden <strong>intelligenter und best\u00e4ndiger<\/strong>, nicht nur schneller.<\/p>\n\n\n\n<p>Und in einem Markt, in dem die Ger\u00e4te d\u00fcnner, die Batterien dichter und die thermischen Toleranzen geringer sind, ist Stabilit\u00e4t wichtiger als die reine Wattzahl.<\/p>\n\n\n\n<figure class=\"wp-block-image aligncenter size-large\"><img fetchpriority=\"high\" decoding=\"async\" width=\"1024\" height=\"693\" src=\"https:\/\/szjialu.com\/wp-content\/uploads\/2026\/03\/ScreenShot_2026-03-05_161242_628-1024x693.jpg\" alt=\"AVS-Schnellladung\" class=\"wp-image-1632\" srcset=\"https:\/\/szjialu.com\/wp-content\/uploads\/2026\/03\/ScreenShot_2026-03-05_161242_628-1024x693.jpg 1024w, https:\/\/szjialu.com\/wp-content\/uploads\/2026\/03\/ScreenShot_2026-03-05_161242_628-300x203.jpg 300w, https:\/\/szjialu.com\/wp-content\/uploads\/2026\/03\/ScreenShot_2026-03-05_161242_628-768x519.jpg 768w, https:\/\/szjialu.com\/wp-content\/uploads\/2026\/03\/ScreenShot_2026-03-05_161242_628-600x406.jpg 600w, https:\/\/szjialu.com\/wp-content\/uploads\/2026\/03\/ScreenShot_2026-03-05_161242_628-64x43.jpg 64w, https:\/\/szjialu.com\/wp-content\/uploads\/2026\/03\/ScreenShot_2026-03-05_161242_628.jpg 1100w\" sizes=\"(max-width: 1024px) 100vw, 1024px\" \/><figcaption class=\"wp-element-caption\">AVS-Schnellladung<\/figcaption><\/figure>\n\n\n\n<h2 class=\"wp-block-heading\">Warum dieser Wandel f\u00fcr die Branche wichtig ist<\/h2>\n\n\n\n<p>Die zunehmende Unterst\u00fctzung von AVS durch gro\u00dfe Marken signalisiert mehr als nur eine Produktaktualisierung. Sie sagt uns:<\/p>\n\n\n\n<ol class=\"wp-block-list\">\n<li>Das USB-PD-\u00d6kosystem standardisiert sich hin zu einer verfeinerten Spannungsaushandlung.<\/li>\n\n\n\n<li>Hocheffiziente Energieumwandlung wird zunehmend zur Grundvoraussetzung.<\/li>\n\n\n\n<li>OEM- und ODM-Lieferanten m\u00fcssen die Firmware und das Design der Steuerungs-ICs entsprechend aktualisieren.<\/li>\n<\/ol>\n\n\n\n<p>F\u00fcr Importeure, Gro\u00dfh\u00e4ndler und Eigenmarkenhersteller von Ladeger\u00e4ten ist dies ein entscheidender Moment. Schnellladen wird nicht mehr ausschlie\u00dflich durch \u2026 definiert. <a href=\"https:\/\/szjialu.com\/de\/nachricht\/sind-gan-ladegerate-sicher-ein-kaufratgeber-fur-gan-ladegerate-und-sicherheitshinweise-fur-pd-ladegerate\/\">GaN-Technologie<\/a> oder 65-W-\/100-W-Etiketten. K\u00e4ufer fragen zunehmend:<\/p>\n\n\n\n<ul class=\"wp-block-list\">\n<li>Unterst\u00fctzt es PD 3.2?<\/li>\n\n\n\n<li>Ist AVS aktiviert?<\/li>\n\n\n\n<li>Kann es die Spitzenleistung ohne \u00dcberhitzung aufrechterhalten?<\/li>\n\n\n\n<li>Ist es zukunftssicher f\u00fcr Smartphones und Laptops der n\u00e4chsten Generation?<\/li>\n<\/ul>\n\n\n\n<p>Dies sind die Fragen, die uns direkt von unseren Kunden gestellt werden.<\/p>\n\n\n\n<h2 class=\"wp-block-heading\">Ben\u00f6tigen Endbenutzer wirklich Antivirensoftware?<\/h2>\n\n\n\n<p>Aus Verbrauchersicht mag der Unterschied geringf\u00fcgig erscheinen. Ein Nutzer, der von einem Standard-PD-Ladeger\u00e4t aufr\u00fcstet, k\u00f6nnte Folgendes bemerken:<\/p>\n\n\n\n<ul class=\"wp-block-list\">\n<li>Etwas schnelleres Laden im Bereich 0\u201350%<\/li>\n\n\n\n<li>Reduzierte W\u00e4rmeentwicklung bei Hochleistungssitzungen<\/li>\n\n\n\n<li>Stabilere Leistung auch unter hoher Ger\u00e4telast<\/li>\n<\/ul>\n\n\n\n<p>Der eigentliche Vorteil zeigt sich jedoch langfristig:<\/p>\n\n\n\n<p>Eine bessere Spannungsregelung bedeutet eine geringere Belastung der Batteriezellen und der internen Energiemanagementschaltungen. Das macht sich auf lange Sicht bemerkbar.<\/p>\n\n\n\n<p>F\u00fcr Unternehmen sind die Auswirkungen jedoch unmittelbarer. Einzelh\u00e4ndler und Distributoren, die bereits heute AVS-f\u00e4hige Produkte anbieten, verschaffen sich einen Wettbewerbsvorteil.<\/p>\n\n\n\n<figure class=\"wp-block-image aligncenter size-full\"><img decoding=\"async\" width=\"800\" height=\"800\" src=\"https:\/\/szjialu.com\/wp-content\/uploads\/2025\/12\/\u4e3b\u56fe-1-40.jpg\" alt=\"65-W-PD-Ladeger\u00e4t\" class=\"wp-image-1520\" srcset=\"https:\/\/szjialu.com\/wp-content\/uploads\/2025\/12\/\u4e3b\u56fe-1-40.jpg 800w, https:\/\/szjialu.com\/wp-content\/uploads\/2025\/12\/\u4e3b\u56fe-1-40-300x300.jpg 300w, https:\/\/szjialu.com\/wp-content\/uploads\/2025\/12\/\u4e3b\u56fe-1-40-150x150.jpg 150w, https:\/\/szjialu.com\/wp-content\/uploads\/2025\/12\/\u4e3b\u56fe-1-40-768x768.jpg 768w, https:\/\/szjialu.com\/wp-content\/uploads\/2025\/12\/\u4e3b\u56fe-1-40-600x600.jpg 600w, https:\/\/szjialu.com\/wp-content\/uploads\/2025\/12\/\u4e3b\u56fe-1-40-100x100.jpg 100w, https:\/\/szjialu.com\/wp-content\/uploads\/2025\/12\/\u4e3b\u56fe-1-40-64x64.jpg 64w\" sizes=\"(max-width: 800px) 100vw, 800px\" \/><figcaption class=\"wp-element-caption\">65-W-PD-Ladeger\u00e4t<\/figcaption><\/figure>\n\n\n\n<h2 class=\"wp-block-heading\">Wie wir AVS bei SZJialu angehen<\/h2>\n\n\n\n<p>Bei <strong>szjialu<\/strong>, Wir sind spezialisiert auf Schnelllade-Netzteile und Desktop-Netzteile f\u00fcr globale B2B-Kunden. Als in China ans\u00e4ssiger Hersteller mit eigener Entwicklungs- und Produktionskapazit\u00e4t haben wir bereits integrierte <strong>AVS-Protokollunterst\u00fctzung<\/strong> in ausgew\u00e4hlte PD-Schnellladeger\u00e4temodelle.<\/p>\n\n\n\n<p>Unser Ansatz ist unkompliziert:<\/p>\n\n\n\n<ul class=\"wp-block-list\">\n<li>Upgrade der Steuerchips und Firmware zur Unterst\u00fctzung von PD 3.2 + AVS<\/li>\n\n\n\n<li>Optimierung des Transformators und der Sekund\u00e4rgleichrichtung f\u00fcr einen stabilen Ausgang<\/li>\n\n\n\n<li>Validierung der thermischen Leistungsf\u00e4higkeit unter realen Bedingungen bei Dauerlast<\/li>\n\n\n\n<li>Einhaltung globaler Sicherheitsstandards (CE, FCC, RoHS usw.).<\/li>\n<\/ul>\n\n\n\n<p>F\u00fcr Distributoren, OEM-Marken und Einkaufsmanager bedeutet dies:<\/p>\n\n\n\n<ul class=\"wp-block-list\">\n<li>Zukunftsf\u00e4hige USB-C-Schnellladeger\u00e4te<\/li>\n\n\n\n<li>Anpassbare Watt-Plattformen (30 W\u2013140 W und mehr)<\/li>\n\n\n\n<li>Flexible Logo- und Geh\u00e4usegestaltungsoptionen<\/li>\n\n\n\n<li>Stabile Produktionskapazit\u00e4t in China<\/li>\n<\/ul>\n\n\n\n<p>Wir sind der Ansicht, dass die Weiterentwicklung von Protokollen Ihre Lieferkette nicht beeintr\u00e4chtigen, sondern Ihre Produktpalette st\u00e4rken sollte.<\/p>\n\n\n\n<h2 class=\"wp-block-heading\">AVS vs. PPS: Worauf sollten K\u00e4ufer achten?<\/h2>\n\n\n\n<p>Wenn Sie ab 2026 Schnellladeger\u00e4te beschaffen m\u00f6chten, finden Sie hier eine praktische Checkliste:<\/p>\n\n\n\n<p>\u2714 Unterst\u00fctzung f\u00fcr PD 3.1 oder PD 3.2<br>\u2714 Explizite AVS-Kompatibilit\u00e4t<br>\u2714 Stabile thermische Testdaten unter hoher Belastung<br>\u2714 Hocheffiziente Umwandlung (insbesondere bei GaN-Designs)<br>\u2714 Zuverl\u00e4ssige Kabelstrombewirtschaftung<\/p>\n\n\n\n<p>Nicht jedes Ger\u00e4t ben\u00f6tigt heutzutage AVS. Vorausschauende Beschaffungsteams verstehen jedoch Folgendes: Standards entwickeln sich schneller als Produktzyklen.<\/p>\n\n\n\n<p>Wer sich heute f\u00fcr ein AVS-f\u00e4higes Ladeger\u00e4t entscheidet, reduziert die Kosten f\u00fcr eine Neuentwicklung morgen.<\/p>\n\n\n\n<figure class=\"wp-block-image aligncenter size-full\"><img decoding=\"async\" width=\"719\" height=\"455\" src=\"https:\/\/szjialu.com\/wp-content\/uploads\/2026\/03\/ScreenShot_2026-03-04_184719_627.jpg\" alt=\"AVS vs. PPS\" class=\"wp-image-1616\" srcset=\"https:\/\/szjialu.com\/wp-content\/uploads\/2026\/03\/ScreenShot_2026-03-04_184719_627.jpg 719w, https:\/\/szjialu.com\/wp-content\/uploads\/2026\/03\/ScreenShot_2026-03-04_184719_627-300x190.jpg 300w, https:\/\/szjialu.com\/wp-content\/uploads\/2026\/03\/ScreenShot_2026-03-04_184719_627-600x380.jpg 600w, https:\/\/szjialu.com\/wp-content\/uploads\/2026\/03\/ScreenShot_2026-03-04_184719_627-64x41.jpg 64w\" sizes=\"(max-width: 719px) 100vw, 719px\" \/><figcaption class=\"wp-element-caption\">AVS vs. PPS<\/figcaption><\/figure>\n\n\n\n<h2 class=\"wp-block-heading\">Das gro\u00dfe Ganze: Schnellladen wird ausgereifter<\/h2>\n\n\n\n<p>Jahrelang jagte die Branche Schlagzeilen \u00fcber die Wattzahl hinterher \u2013 45 W, 65 W, 100 W, 140 W.<\/p>\n\n\n\n<p>Nun verlagert sich der Fokus auf:<\/p>\n\n\n\n<ul class=\"wp-block-list\">\n<li>Intelligente Leistungsverhandlung<\/li>\n\n\n\n<li>W\u00e4rmemanagement<\/li>\n\n\n\n<li>Langzeit-Batteriegesundheit<\/li>\n\n\n\n<li>Marken\u00fcbergreifende Kompatibilit\u00e4t<\/li>\n<\/ul>\n\n\n\n<p>AVS repr\u00e4sentiert diese neue Reifestufe.<\/p>\n\n\n\n<p>Es ist weniger auff\u00e4llig als eine h\u00f6here Zahl auf einer Verpackung, aber in technischer Hinsicht weitaus aussagekr\u00e4ftiger.<\/p>\n\n\n\n<p>Und f\u00fcr Hersteller wie uns ist das ein klares Signal: Bei Innovationen im Bereich des Ladens geht es nicht mehr darum, Grenzen zu verschieben, sondern darum, die Kontrolle zu verfeinern.<\/p>\n\n\n\n<p>Die Einf\u00fchrung von AVS in g\u00e4ngige Ladesysteme ist keine erzwungene Aufr\u00fcstung \u2013 es handelt sich um eine strukturelle Verbesserung.<\/p>\n\n\n\n<p>Verbraucher diskutieren m\u00f6glicherweise \u00fcber Preisstrategien. Technikbegeisterte vergleichen m\u00f6glicherweise Protokolle.<\/p>\n\n\n\n<p>F\u00fcr OEM-K\u00e4ufer, Distributoren und Handelsmarken ist die Schlussfolgerung jedoch einfach:<\/p>\n\n\n\n<p><strong>AVS-Unterst\u00fctzung wird zunehmend zum neuen Standard f\u00fcr Premium-Schnellladeger\u00e4te.<\/strong><\/p>\n\n\n\n<p>Wenn Ihr Unternehmen darauf angewiesen ist, bei den Abrechnungsstandards immer einen Schritt voraus zu sein, ist jetzt der richtige Zeitpunkt, Ihre Lieferkette zu \u00fcberpr\u00fcfen. Wir von SZJialu sind bereit.<\/p>\n\n\n\n<p><\/p>","protected":false},"excerpt":{"rendered":"<p>Over the past year, fast charging has quietly entered a new phase. It\u2019s no longer just about higher wattage numbers [&hellip;]<\/p>\n","protected":false},"author":1,"featured_media":1632,"comment_status":"open","ping_status":"open","sticky":false,"template":"","format":"standard","meta":{"_acf_changed":false,"site-sidebar-layout":"default","site-content-layout":"","ast-site-content-layout":"default","site-content-style":"default","site-sidebar-style":"default","ast-global-header-display":"","ast-banner-title-visibility":"","ast-main-header-display":"","ast-hfb-above-header-display":"","ast-hfb-below-header-display":"","ast-hfb-mobile-header-display":"","site-post-title":"","ast-breadcrumbs-content":"","ast-featured-img":"","footer-sml-layout":"","ast-disable-related-posts":"","theme-transparent-header-meta":"","adv-header-id-meta":"","stick-header-meta":"","header-above-stick-meta":"","header-main-stick-meta":"","header-below-stick-meta":"","astra-migrate-meta-layouts":"default","ast-page-background-enabled":"default","ast-page-background-meta":{"desktop":{"background-color":"var(--ast-global-color-5)","background-image":"","background-repeat":"repeat","background-position":"center center","background-size":"auto","background-attachment":"scroll","background-type":"","background-media":"","overlay-type":"","overlay-color":"","overlay-opacity":"","overlay-gradient":""},"tablet":{"background-color":"","background-image":"","background-repeat":"repeat","background-position":"center center","background-size":"auto","background-attachment":"scroll","background-type":"","background-media":"","overlay-type":"","overlay-color":"","overlay-opacity":"","overlay-gradient":""},"mobile":{"background-color":"","background-image":"","background-repeat":"repeat","background-position":"center center","background-size":"auto","background-attachment":"scroll","background-type":"","background-media":"","overlay-type":"","overlay-color":"","overlay-opacity":"","overlay-gradient":""}},"ast-content-background-meta":{"desktop":{"background-color":"var(--ast-global-color-4)","background-image":"","background-repeat":"repeat","background-position":"center center","background-size":"auto","background-attachment":"scroll","background-type":"","background-media":"","overlay-type":"","overlay-color":"","overlay-opacity":"","overlay-gradient":""},"tablet":{"background-color":"var(--ast-global-color-4)","background-image":"","background-repeat":"repeat","background-position":"center center","background-size":"auto","background-attachment":"scroll","background-type":"","background-media":"","overlay-type":"","overlay-color":"","overlay-opacity":"","overlay-gradient":""},"mobile":{"background-color":"var(--ast-global-color-4)","background-image":"","background-repeat":"repeat","background-position":"center center","background-size":"auto","background-attachment":"scroll","background-type":"","background-media":"","overlay-type":"","overlay-color":"","overlay-opacity":"","overlay-gradient":""}},"footnotes":""},"categories":[39],"tags":[264,265,266,267],"class_list":["post-1625","post","type-post","status-publish","format-standard","has-post-thumbnail","hentry","category-company-news","tag-avs-charger","tag-avs-fast-charging","tag-avs-vs-pps-charging","tag-oem-avs-charger-supplier"],"acf":[],"_links":{"self":[{"href":"https:\/\/szjialu.com\/de\/wp-json\/wp\/v2\/posts\/1625","targetHints":{"allow":["GET"]}}],"collection":[{"href":"https:\/\/szjialu.com\/de\/wp-json\/wp\/v2\/posts"}],"about":[{"href":"https:\/\/szjialu.com\/de\/wp-json\/wp\/v2\/types\/post"}],"author":[{"embeddable":true,"href":"https:\/\/szjialu.com\/de\/wp-json\/wp\/v2\/users\/1"}],"replies":[{"embeddable":true,"href":"https:\/\/szjialu.com\/de\/wp-json\/wp\/v2\/comments?post=1625"}],"version-history":[{"count":2,"href":"https:\/\/szjialu.com\/de\/wp-json\/wp\/v2\/posts\/1625\/revisions"}],"predecessor-version":[{"id":1665,"href":"https:\/\/szjialu.com\/de\/wp-json\/wp\/v2\/posts\/1625\/revisions\/1665"}],"wp:featuredmedia":[{"embeddable":true,"href":"https:\/\/szjialu.com\/de\/wp-json\/wp\/v2\/media\/1632"}],"wp:attachment":[{"href":"https:\/\/szjialu.com\/de\/wp-json\/wp\/v2\/media?parent=1625"}],"wp:term":[{"taxonomy":"category","embeddable":true,"href":"https:\/\/szjialu.com\/de\/wp-json\/wp\/v2\/categories?post=1625"},{"taxonomy":"post_tag","embeddable":true,"href":"https:\/\/szjialu.com\/de\/wp-json\/wp\/v2\/tags?post=1625"}],"curies":[{"name":"wp","href":"https:\/\/api.w.org\/{rel}","templated":true}]}}